{"id":3151,"date":"2026-03-23T11:36:34","date_gmt":"2026-03-23T11:36:34","guid":{"rendered":"\/docs-mcloud\/?p=3151"},"modified":"2026-03-23T11:36:34","modified_gmt":"2026-03-23T11:36:34","slug":"9-mit-gewichten-probleme-loesen","status":"publish","type":"post","link":"\/docs-mcloud\/2026\/03\/23\/9-mit-gewichten-probleme-loesen\/","title":{"rendered":"#9 Mit Gewichten Probleme l\u00f6sen?"},"content":{"rendered":"\n<p>Vorab eine Einordnung: Das, was nachfolgend als ein m\u00f6glicher Einsatz von Gewichten diskutiert wird, ist keine Konvention, hat keinen Empfehlungscharakter, sondern ist schlicht nur ein Beitrag in dieser Diskussion.<\/p>\n\n\n\n<p><strong>Was sind Gewichte?<\/strong><\/p>\n\n\n\n<p>In Studien begegnen uns Gewichte in unterschiedlichen Formen:<\/p>\n\n\n\n<ul class=\"wp-block-list\">\n<li><strong>Kontaktgewichte<\/strong> (siehe <a href=\"\/docs-mcloud\/2026\/01\/28\/kontaktgewichte-eine-frage-der-wirkung-2\/\" data-type=\"post\" data-id=\"2918\">#2: <em>Kontaktgewichte \u2013 eine Frage der Wirkung<\/em><\/a>)<\/li>\n\n\n\n<li><strong>Mediengewichte<\/strong><\/li>\n\n\n\n<li><strong>Personengewichte<\/strong><\/li>\n<\/ul>\n\n\n\n<p>Hier geht es um die <strong>Personengewichtung<\/strong>: Bei Z\u00e4hlungen in Studien wird von einer Stichprobe auf eine Grundgesamtheit geschlossen. In der b4p ist diese Grundgesamtheit die deutschsprachige Bev\u00f6lkerung ab 14 Jahren, die in Privathaushalten lebt. Jede befragte Person erh\u00e4lt daher ein Gewicht, das ihre Bedeutung in Bezug auf Struktur und Gr\u00f6\u00dfe in dieser Grundgesamtheit abbildet und sie entsprechend hochrechnet.<\/p>\n\n\n\n<p>Aus inhaltlichen Gr\u00fcnden kann jedoch der Wunsch entstehen, dass ein bestimmter Personenkreis f\u00fcr weniger Personen stehen soll, als es seiner tats\u00e4chlichen Verteilung in der Grundgesamtheit entspricht. In solchen F\u00e4llen werden die Gewichte der betroffenen Personen gezielt reduziert.<\/p>\n\n\n\n<p><strong>Anwendungsf\u00e4lle: Wann kann eine Gewichtung sinnvoll sein?<\/strong><\/p>\n\n\n\n<p>Ich erinnere mich an Briefings, in denen eine geschlechtsspezifische Gewichtung gefordert wurde: Eine Zielgruppe mit gleichen Anteilen von M\u00e4nnern und Frauen sollte aufgrund der Markenpositionierung so gewichtet werden, dass Frauen einen h\u00f6heren Anteil in der Zielgruppe ausmachen sollten. Dies geschah durch eine Herabgewichtung der M\u00e4nner. Mathematisch lie\u00df sich das per Dreisatz l\u00f6sen \u2013 praktisch ging es aber am Ziel vorbei: Denn eigentlich wollte der Kunde einen Schwerpunkt beim Werbedruck setzen. Sinnvoller war es daher, mit der ungewichteten Zielgruppe zu planen, aber im Frauensegment mehr Werbedruck zu erzeugen.<\/p>\n\n\n\n<p>Dankbar bin ich aber f\u00fcr diese Gewichtungsoption, wenn es um spitze Zielgruppen geht. Oft haben diese Zielgruppendefinitionen eine zu geringe Fallzahl, die mit weiteren Definitionsvariablen f\u00fcr ein gr\u00f6\u00dferes Zielgruppenpotenzial zu erg\u00e4nzen sind. Diese Merkmale passen aber meistens weniger gut und wenn sie dazu noch fallzahlm\u00e4chtig sind, besteht die Gefahr, die Zielgruppe zu verw\u00e4ssern. Und hier kommt die Gewichtung ins Spiel: Dieses Merkmal kann so <strong>herunter gewichtet<\/strong> werden, dass selbst gesetzte <strong>Fallzahlgrenzen \u00fcberschritten<\/strong>, aber <strong>die Zielgruppe nicht \u00fcberm\u00e4\u00dfig verw\u00e4ssert<\/strong> wird.<\/p>\n\n\n\n<p><strong>Gewichte setzen in MDS-Cloud<\/strong><\/p>\n\n\n\n<p>Die Gewichtung l\u00e4sst sich \u00fcber das <strong>Mausmen\u00fc<\/strong> aufrufen: Mit der rechten Maustaste auf die \u00dcberschrift des zu gewichtenden Merkmals klicken.<\/p>\n\n\n\n<p>Anschlie\u00dfend \u00f6ffnet sich ein Fenster, in dem das Gewicht \u00fcber einen <strong>Schieberegler<\/strong> eingestellt werden kann.<br>Vorab eine Einordnung: Das, was nachfolgend als ein m\u00f6glicher Einsatz von Gewichten diskutiert wird, ist keine Konvention, hat keinen Empfehlungscharakter, sondern ist schlicht nur ein Beitrag in dieser Diskussion.<\/p>\n\n\n\n<p><strong>Was sind Gewichte?<\/strong><\/p>\n\n\n\n<p>In Studien begegnen uns Gewichte in unterschiedlichen Formen:<\/p>\n\n\n\n<ul class=\"wp-block-list\">\n<li><strong>Kontaktgewichte<\/strong> (siehe #2: <em>Kontaktgewichte \u2013 eine Frage der Wirkung<\/em>)<\/li>\n\n\n\n<li><strong>Mediengewichte<\/strong><\/li>\n\n\n\n<li><strong>Personengewichte<\/strong><\/li>\n<\/ul>\n\n\n\n<p>Hier geht es um die <strong>Personengewichtung<\/strong>: Bei Z\u00e4hlungen in Studien wird von einer Stichprobe auf eine Grundgesamtheit geschlossen. In der b4p ist diese Grundgesamtheit die deutschsprachige Bev\u00f6lkerung ab 14 Jahren, die in Privathaushalten lebt. Jede befragte Person erh\u00e4lt daher ein Gewicht, das ihre Bedeutung in Bezug auf Struktur und Gr\u00f6\u00dfe in dieser Grundgesamtheit abbildet und sie entsprechend hochrechnet.<\/p>\n\n\n\n<p>Aus inhaltlichen Gr\u00fcnden kann jedoch der Wunsch entstehen, dass ein bestimmter Personenkreis f\u00fcr weniger Personen stehen soll, als es seiner tats\u00e4chlichen Verteilung in der Grundgesamtheit entspricht. In solchen F\u00e4llen werden die Gewichte der betroffenen Personen gezielt reduziert.<\/p>\n\n\n\n<p><strong>Anwendungsf\u00e4lle: Wann kann eine Gewichtung sinnvoll sein?<\/strong><\/p>\n\n\n\n<p>Ich erinnere mich an Briefings, in denen eine geschlechtsspezifische Gewichtung gefordert wurde: Eine Zielgruppe mit gleichen Anteilen von M\u00e4nnern und Frauen sollte aufgrund der Markenpositionierung so gewichtet werden, dass Frauen einen h\u00f6heren Anteil in der Zielgruppe ausmachen sollten. Dies geschah durch eine Herabgewichtung der M\u00e4nner. Mathematisch lie\u00df sich das per Dreisatz l\u00f6sen \u2013 praktisch ging es aber am Ziel vorbei: Denn eigentlich wollte der Kunde einen Schwerpunkt beim Werbedruck setzen. Sinnvoller war es daher, mit der ungewichteten Zielgruppe zu planen, aber im Frauensegment mehr Werbedruck zu erzeugen.<\/p>\n\n\n\n<p>Dankbar bin ich aber f\u00fcr diese Gewichtungsoption, wenn es um spitze Zielgruppen geht. Oft haben diese Zielgruppendefinitionen eine zu geringe Fallzahl, die mit weiteren Definitionsvariablen f\u00fcr ein gr\u00f6\u00dferes Zielgruppenpotenzial zu erg\u00e4nzen sind. Diese Merkmale passen aber meistens weniger gut und wenn sie dazu noch fallzahlm\u00e4chtig sind, besteht die Gefahr, die Zielgruppe zu verw\u00e4ssern. Und hier kommt die Gewichtung ins Spiel: Dieses Merkmal kann so <strong>herunter gewichtet<\/strong> werden, dass selbst gesetzte <strong>Fallzahlgrenzen \u00fcberschritten<\/strong>, aber <strong>die Zielgruppe nicht \u00fcberm\u00e4\u00dfig verw\u00e4ssert<\/strong> wird.<\/p>\n\n\n\n<p><strong>Gewichte setzen in MDS-Cloud<\/strong><\/p>\n\n\n\n<p>Die Gewichtung l\u00e4sst sich \u00fcber das <strong>Mausmen\u00fc<\/strong> aufrufen: Mit der rechten Maustaste auf die \u00dcberschrift des zu gewichtenden Merkmals klicken.<\/p>\n\n\n\n<figure class=\"wp-block-image size-full is-resized\"><img loading=\"lazy\" decoding=\"async\" width=\"346\" height=\"121\" src=\"\/docs-mcloud\/wp-content\/uploads\/sites\/4\/2026\/03\/Gewichtung-aufrufen-1.png\" alt=\"\" class=\"wp-image-3154\" style=\"aspect-ratio:2.8596176190979192;width:323px;height:auto\" srcset=\"\/docs-mcloud\/wp-content\/uploads\/sites\/4\/2026\/03\/Gewichtung-aufrufen-1.png 346w, \/docs-mcloud\/wp-content\/uploads\/sites\/4\/2026\/03\/Gewichtung-aufrufen-1-300x105.png 300w\" sizes=\"auto, (max-width: 346px) 100vw, 346px\" \/><\/figure>\n\n\n\n<p>Anschlie\u00dfend \u00f6ffnet sich ein Fenster, in dem das Gewicht \u00fcber einen <strong>Schieberegler<\/strong> eingestellt werden kann.<\/p>\n\n\n\n<figure class=\"wp-block-image size-large is-resized\"><img loading=\"lazy\" decoding=\"async\" width=\"1024\" height=\"521\" src=\"\/docs-mcloud\/wp-content\/uploads\/sites\/4\/2026\/03\/Schieberegler-fuer-Gewichtung-1024x521.png\" alt=\"\" class=\"wp-image-3153\" style=\"aspect-ratio:1.9654869844983913;width:322px;height:auto\" srcset=\"\/docs-mcloud\/wp-content\/uploads\/sites\/4\/2026\/03\/Schieberegler-fuer-Gewichtung-1024x521.png 1024w, \/docs-mcloud\/wp-content\/uploads\/sites\/4\/2026\/03\/Schieberegler-fuer-Gewichtung-300x153.png 300w, \/docs-mcloud\/wp-content\/uploads\/sites\/4\/2026\/03\/Schieberegler-fuer-Gewichtung-768x390.png 768w, \/docs-mcloud\/wp-content\/uploads\/sites\/4\/2026\/03\/Schieberegler-fuer-Gewichtung.png 1070w\" sizes=\"auto, (max-width: 1024px) 100vw, 1024px\" \/><\/figure>\n\n\n\n<p><\/p>\n","protected":false},"excerpt":{"rendered":"<p>Vorab eine Einordnung: Das, was nachfolgend als ein m\u00f6glicher Einsatz von Gewichten diskutiert wird, ist keine Konvention, hat keinen Empfehlungscharakter, sondern ist schlicht nur ein Beitrag in dieser Diskussion. Was sind Gewichte? In Studien begegnen uns Gewichte in unterschiedlichen Formen: Hier geht es um die Personengewichtung: Bei Z\u00e4hlungen in Studien wird von einer Stichprobe auf [&hellip;]<\/p>\n","protected":false},"author":11,"featured_media":0,"comment_status":"closed","ping_status":"closed","sticky":false,"template":"","format":"standard","meta":{"_acf_changed":false,"inline_featured_image":false,"footnotes":""},"categories":[37],"tags":[],"class_list":["post-3151","post","type-post","status-publish","format-standard","hentry","category-hotline-topics"],"acf":[],"_links":{"self":[{"href":"\/docs-mcloud\/wp-json\/wp\/v2\/posts\/3151","targetHints":{"allow":["GET"]}}],"collection":[{"href":"\/docs-mcloud\/wp-json\/wp\/v2\/posts"}],"about":[{"href":"\/docs-mcloud\/wp-json\/wp\/v2\/types\/post"}],"author":[{"embeddable":true,"href":"\/docs-mcloud\/wp-json\/wp\/v2\/users\/11"}],"replies":[{"embeddable":true,"href":"\/docs-mcloud\/wp-json\/wp\/v2\/comments?post=3151"}],"version-history":[{"count":1,"href":"\/docs-mcloud\/wp-json\/wp\/v2\/posts\/3151\/revisions"}],"predecessor-version":[{"id":3155,"href":"\/docs-mcloud\/wp-json\/wp\/v2\/posts\/3151\/revisions\/3155"}],"wp:attachment":[{"href":"\/docs-mcloud\/wp-json\/wp\/v2\/media?parent=3151"}],"wp:term":[{"taxonomy":"category","embeddable":true,"href":"\/docs-mcloud\/wp-json\/wp\/v2\/categories?post=3151"},{"taxonomy":"post_tag","embeddable":true,"href":"\/docs-mcloud\/wp-json\/wp\/v2\/tags?post=3151"}],"curies":[{"name":"wp","href":"https:\/\/api.w.org\/{rel}","templated":true}]}}